{"id":5347,"date":"2026-08-14T09:29:53","date_gmt":"2026-08-14T07:29:53","guid":{"rendered":"https:\/\/www.renatobarilli.it\/blog\/?p=5347"},"modified":"2026-08-14T09:29:53","modified_gmt":"2026-08-14T07:29:53","slug":"il-futuro-di-draghi","status":"publish","type":"post","link":"https:\/\/www.renatobarilli.it\/blog\/il-futuro-di-draghi\/","title":{"rendered":"Il futuro di Draghi"},"content":{"rendered":"<p>C&#8217;e&#8217; un fatto curioso che nessuno ha notato, Draghi non partecipa a nessuno dei tanti dibattiti che costellano la tv n\u00e9 scrive editoriali sui quotidiani, Evidentemente se richiesto si rifiuta, e questo perch\u00e9 non vuole scegliere tra destra e sinistra, Questo lo esclude dalle prossime elezioni per\u00f2 potrebbe diventare valido per una elezione a presidente della repubblica se i due blocchi impattassero: Altrimenti credo che dall&#8217;Europa potrebbe avere solo medqgli per il suo passato ma non incarichi orestgosi, chi lo sosterrebbe? Non certo il nostro Paese non molto forte su un fronte internazionale.<\/p>\n","protected":false},"excerpt":{"rendered":"<p>C&#8217;e&#8217; un fatto curioso che nessuno ha notato, Draghi non partecipa a nessuno dei tanti dibattiti che costellano la tv n\u00e9 scrive editoriali sui quotidiani, Evidentemente se richiesto si rifiuta, e questo perch\u00e9 non vuole scegliere tra destra e sinistra, Questo lo esclude dalle prossime elezioni per\u00f2 potrebbe diventare valido per una elezione a presidente [&hellip;]<\/p>\n","protected":false},"author":1,"featured_media":0,"comment_status":"closed","ping_status":"closed","sticky":false,"template":"","format":"standard","meta":{"footnotes":""},"categories":[1],"tags":[],"class_list":["post-5347","post","type-post","status-publish","format-standard","hentry","category-attualita"],"_links":{"self":[{"href":"https:\/\/www.renatobarilli.it\/blog\/wp-json\/wp\/v2\/posts\/5347","targetHints":{"allow":["GET"]}}],"collection":[{"href":"https:\/\/www.renatobarilli.it\/blog\/wp-json\/wp\/v2\/posts"}],"about":[{"href":"https:\/\/www.renatobarilli.it\/blog\/wp-json\/wp\/v2\/types\/post"}],"author":[{"embeddable":true,"href":"https:\/\/www.renatobarilli.it\/blog\/wp-json\/wp\/v2\/users\/1"}],"replies":[{"embeddable":true,"href":"https:\/\/www.renatobarilli.it\/blog\/wp-json\/wp\/v2\/comments?post=5347"}],"version-history":[{"count":1,"href":"https:\/\/www.renatobarilli.it\/blog\/wp-json\/wp\/v2\/posts\/5347\/revisions"}],"predecessor-version":[{"id":5348,"href":"https:\/\/www.renatobarilli.it\/blog\/wp-json\/wp\/v2\/posts\/5347\/revisions\/5348"}],"wp:attachment":[{"href":"https:\/\/www.renatobarilli.it\/blog\/wp-json\/wp\/v2\/media?parent=5347"}],"wp:term":[{"taxonomy":"category","embeddable":true,"href":"https:\/\/www.renatobarilli.it\/blog\/wp-json\/wp\/v2\/categories?post=5347"},{"taxonomy":"post_tag","embeddable":true,"href":"https:\/\/www.renatobarilli.it\/blog\/wp-json\/wp\/v2\/tags?post=5347"}],"curies":[{"name":"wp","href":"https:\/\/api.w.org\/{rel}","templated":true}]}}