{"id":5349,"date":"2026-08-14T09:35:15","date_gmt":"2026-08-14T07:35:15","guid":{"rendered":"https:\/\/www.renatobarilli.it\/blog\/?p=5349"},"modified":"2026-08-14T09:35:15","modified_gmt":"2026-08-14T07:35:15","slug":"dom-16-8-26-ranucci","status":"publish","type":"post","link":"https:\/\/www.renatobarilli.it\/blog\/dom-16-8-26-ranucci\/","title":{"rendered":"Dom 16.8.26 (Ranucci)"},"content":{"rendered":"<p>Credo che questa volta Salvini abbi ragione, la faccenda tra Vitolo e Ranucci \u00e8 oscura, quindi \u00e8 opportuno che Ranucci faccia un passo indietro, questo per\u00f2 non porta alla chiusura della sua firmata trasmissione report, che senza dubbio si vale di tanti operatori in sintonia con cui uno de quali pu\u00f2 ben assumere la direzione della fortunata trasmissione, Quanto a lui, date le sue indubbie dei di giornalista, potr\u00e0 essere assunto da qualche emittente privata.<\/p>\n","protected":false},"excerpt":{"rendered":"<p>Credo che questa volta Salvini abbi ragione, la faccenda tra Vitolo e Ranucci \u00e8 oscura, quindi \u00e8 opportuno che Ranucci faccia un passo indietro, questo per\u00f2 non porta alla chiusura della sua firmata trasmissione report, che senza dubbio si vale di tanti operatori in sintonia con cui uno de quali pu\u00f2 ben assumere la direzione [&hellip;]<\/p>\n","protected":false},"author":1,"featured_media":0,"comment_status":"closed","ping_status":"closed","sticky":false,"template":"","format":"standard","meta":{"footnotes":""},"categories":[1],"tags":[],"class_list":["post-5349","post","type-post","status-publish","format-standard","hentry","category-attualita"],"_links":{"self":[{"href":"https:\/\/www.renatobarilli.it\/blog\/wp-json\/wp\/v2\/posts\/5349","targetHints":{"allow":["GET"]}}],"collection":[{"href":"https:\/\/www.renatobarilli.it\/blog\/wp-json\/wp\/v2\/posts"}],"about":[{"href":"https:\/\/www.renatobarilli.it\/blog\/wp-json\/wp\/v2\/types\/post"}],"author":[{"embeddable":true,"href":"https:\/\/www.renatobarilli.it\/blog\/wp-json\/wp\/v2\/users\/1"}],"replies":[{"embeddable":true,"href":"https:\/\/www.renatobarilli.it\/blog\/wp-json\/wp\/v2\/comments?post=5349"}],"version-history":[{"count":1,"href":"https:\/\/www.renatobarilli.it\/blog\/wp-json\/wp\/v2\/posts\/5349\/revisions"}],"predecessor-version":[{"id":5350,"href":"https:\/\/www.renatobarilli.it\/blog\/wp-json\/wp\/v2\/posts\/5349\/revisions\/5350"}],"wp:attachment":[{"href":"https:\/\/www.renatobarilli.it\/blog\/wp-json\/wp\/v2\/media?parent=5349"}],"wp:term":[{"taxonomy":"category","embeddable":true,"href":"https:\/\/www.renatobarilli.it\/blog\/wp-json\/wp\/v2\/categories?post=5349"},{"taxonomy":"post_tag","embeddable":true,"href":"https:\/\/www.renatobarilli.it\/blog\/wp-json\/wp\/v2\/tags?post=5349"}],"curies":[{"name":"wp","href":"https:\/\/api.w.org\/{rel}","templated":true}]}}