{"id":5358,"date":"2026-08-28T08:42:14","date_gmt":"2026-08-28T06:42:14","guid":{"rendered":"https:\/\/www.renatobarilli.it\/blog\/?p=5358"},"modified":"2026-08-28T08:42:14","modified_gmt":"2026-08-28T06:42:14","slug":"ancora-su-ranucci","status":"publish","type":"post","link":"https:\/\/www.renatobarilli.it\/blog\/ancora-su-ranucci\/","title":{"rendered":"Ancora su Ranucci"},"content":{"rendered":"<p>Torno ancora sul caso Ranucci di cui nei talk show si parla fino alla noia. Devo modificare in parte quanto detto in un blog precedente dove consigliavo a Ranucci di uscire di scena. Lui si \u00e8 rifiutato, anche perch\u00e9 personalmente che sia stato d&#8217;accordo con Lavitola per avere maggiore risonanza. Ma questo lo dovr\u00e0 dire la magistratura. Al momento lui \u00e8 parte lesa e dunque la RAI non lo pu\u00f2 licenziare, gli deve anzi consentire di andare avanti nel condurre Report, magari col diritto, trattandosi di servizio pubblico, di essere pi\u00f9 \u00a0equo tra i due fronti: MA se come credo risulter\u00e0 che lui &#8220;sapeva&#8221;, la RAI lo potr\u00e0 licenziare togliendoli il diritto di fare ricorso.<\/p>\n","protected":false},"excerpt":{"rendered":"<p>Torno ancora sul caso Ranucci di cui nei talk show si parla fino alla noia. Devo modificare in parte quanto detto in un blog precedente dove consigliavo a Ranucci di uscire di scena. Lui si \u00e8 rifiutato, anche perch\u00e9 personalmente che sia stato d&#8217;accordo con Lavitola per avere maggiore risonanza. Ma questo lo dovr\u00e0 dire [&hellip;]<\/p>\n","protected":false},"author":1,"featured_media":0,"comment_status":"closed","ping_status":"closed","sticky":false,"template":"","format":"standard","meta":{"footnotes":""},"categories":[1],"tags":[],"class_list":["post-5358","post","type-post","status-publish","format-standard","hentry","category-attualita"],"_links":{"self":[{"href":"https:\/\/www.renatobarilli.it\/blog\/wp-json\/wp\/v2\/posts\/5358","targetHints":{"allow":["GET"]}}],"collection":[{"href":"https:\/\/www.renatobarilli.it\/blog\/wp-json\/wp\/v2\/posts"}],"about":[{"href":"https:\/\/www.renatobarilli.it\/blog\/wp-json\/wp\/v2\/types\/post"}],"author":[{"embeddable":true,"href":"https:\/\/www.renatobarilli.it\/blog\/wp-json\/wp\/v2\/users\/1"}],"replies":[{"embeddable":true,"href":"https:\/\/www.renatobarilli.it\/blog\/wp-json\/wp\/v2\/comments?post=5358"}],"version-history":[{"count":1,"href":"https:\/\/www.renatobarilli.it\/blog\/wp-json\/wp\/v2\/posts\/5358\/revisions"}],"predecessor-version":[{"id":5359,"href":"https:\/\/www.renatobarilli.it\/blog\/wp-json\/wp\/v2\/posts\/5358\/revisions\/5359"}],"wp:attachment":[{"href":"https:\/\/www.renatobarilli.it\/blog\/wp-json\/wp\/v2\/media?parent=5358"}],"wp:term":[{"taxonomy":"category","embeddable":true,"href":"https:\/\/www.renatobarilli.it\/blog\/wp-json\/wp\/v2\/categories?post=5358"},{"taxonomy":"post_tag","embeddable":true,"href":"https:\/\/www.renatobarilli.it\/blog\/wp-json\/wp\/v2\/tags?post=5358"}],"curies":[{"name":"wp","href":"https:\/\/api.w.org\/{rel}","templated":true}]}}